{"id":3201,"date":"2025-08-28T15:14:07","date_gmt":"2025-08-28T15:14:07","guid":{"rendered":"https:\/\/epokaserca.pl\/warsztaty\/?p=3201"},"modified":"2025-08-28T15:39:24","modified_gmt":"2025-08-28T15:39:24","slug":"3201-2","status":"publish","type":"post","link":"https:\/\/epokaserca.pl\/warsztaty\/3201-2\/","title":{"rendered":""},"content":{"rendered":"\n<p class=\"has-text-align-center has-vivid-red-color has-text-color has-link-color has-large-font-size wp-elements-17883119d2b8d57f47ae02298b54be4f\">DROGA PRZEZ CZAKRY &#8211;  <\/p>\n\n\n\n<p class=\"has-text-align-center has-vivid-red-color has-text-color has-link-color has-large-font-size wp-elements-f3a3afbb3c35aaf5ef656d368f22ce50\">drog\u0105 do celu <\/p>\n\n\n\n<p class=\"has-text-align-center has-medium-font-size\"><\/p>\n\n\n\n<p class=\"has-text-align-center has-vivid-red-color has-text-color has-link-color has-medium-font-size wp-elements-4f37d513b217b991fecf0744b6d4c0d5\">&nbsp;29 wrze\u015bnia 2025, poniedzia\u0142ek godz.18- 20<\/p>\n\n\n\n<p class=\"has-text-align-center has-medium-font-size\">na Teams:&nbsp;Elen Elijah<br>Op\u0142ata za ka\u017cdy miesi\u0105c 700 z\u0142<\/p>\n\n\n\n<p class=\"has-text-align-center has-medium-font-size\"><em>zapisy&nbsp;poprzez e-mail:elenelijah.yt@wp.pl&nbsp;&nbsp;do 20.09. 2025 r.<\/em><\/p>\n\n\n\n<p><\/p>\n\n\n\n<p class=\"has-text-align-left\">    Czakry to centra energetyczne, kt\u00f3re tworz\u0105 nasz\u0105 to\u017csamo\u015b\u0107 \u015bwiadomo\u015bciowo-energetyczn\u0105 w tej rzeczywisto\u015bci. Nasza droga obejmuje w tym czasie najpierw poznanie 7 g\u0142\u00f3wnych czakr. W zakresie tych 7, mamy w sumie  49 punkt\u00f3w \u0142\u0105cznikowych w 7 polach energetycznych. Ka\u017cda czakra ma po\u0142\u0105czenie z ka\u017cdym polem \u015bwiadomo\u015bciowo-energetycznym.<\/p>\n\n\n\n<p class=\"has-text-align-left\">Cokolwiek by napisa\u0107, \u017cadne okre\u015blenie nie odda bogactwa tej struktury. Aby m\u00f3c dotkn\u0105\u0107 tej pot\u0119gi, najpierw trzeba &#8222;przejecha\u0107 drog\u0119&#8221; od pierwszej czakry podstawy do si\u00f3dmej czakry korony.<\/p>\n\n\n\n<p class=\"has-text-align-left\">Dost\u0119pne s\u0105 na YT opisy, cho\u0107 nie oddaj\u0105 one ca\u0142o\u015bci, trzech podstawowych czakr.<\/p>\n\n\n\n<p class=\"has-text-align-left\">Informacje o dalszych czakrach mo\u017cna zakupi\u0107 u mnie poprzez e-mail: elenelijah.yt@wp.pl<\/p>\n\n\n\n<p class=\"has-text-align-left\">Na tym warsztacie zobaczymy obci\u0105\u017cenia w ka\u017cdej z czakr oraz przetransformujemy je. Ka\u017cdy z uczestnik\u00f3w otrzyma r\u00f3wnie\u017c &#8222;namaszczenie&#8221; specjalnym  olejkiem, kt\u00f3ry zniweluje blokady w ciele.<\/p>\n\n\n\n<p><\/p>\n\n\n\n<p>1. Termin&nbsp; &nbsp;\u2013&nbsp; 29.09.2025<br>Temat: Czakra  podstawy<\/p>\n\n\n\n<p>2.Termin \u2013 13.10.2025<br>Temat:&nbsp;Czakra sakralna<\/p>\n\n\n\n<p>&nbsp;3.Termin \u201310.11.2025&nbsp;<br>Temat: Czakra splotu s\u0142onecznego<\/p>\n\n\n\n<p>4.Termin \u20138.12.2025<br>Temat: Czakra serca<\/p>\n\n\n\n<p>5.Termin \u2013 12.01.2026<br>Temat: Czakra gard\u0142a<\/p>\n\n\n\n<p>6.Termin \u2013 16.02.2026<br>Temat: Czakra trzeciego oka<\/p>\n\n\n\n<p>7.Termin \u2013 16.03.2026<br>Temat:\u00a0Czakra korony<\/p>\n\n\n\n<p><\/p>\n\n\n\n<p><\/p>\n","protected":false},"excerpt":{"rendered":"<p>DROGA PRZEZ CZAKRY &#8211; drog\u0105 do celu &nbsp;29 wrze\u015bnia 2025, poniedzia\u0142ek godz.18- 20 na Teams:&nbsp;Elen ElijahOp\u0142ata za ka\u017cdy miesi\u0105c 700 z\u0142 zapisy&nbsp;poprzez e-mail:elenelijah.yt@wp.pl&nbsp;&nbsp;do 20.09. 2025 r. Czakry to centra energetyczne, kt\u00f3re tworz\u0105 nasz\u0105 to\u017csamo\u015b\u0107 \u015bwiadomo\u015bciowo-energetyczn\u0105 w tej rzeczywisto\u015bci. Nasza droga obejmuje w tym czasie najpierw poznanie 7 g\u0142\u00f3wnych czakr. W zakresie tych 7, mamy w [&hellip;]<\/p>\n","protected":false},"author":2,"featured_media":0,"comment_status":"closed","ping_status":"open","sticky":false,"template":"","format":"standard","meta":{"_acf_changed":false,"footnotes":""},"categories":[77],"tags":[],"class_list":{"0":"post-3201","1":"post","2":"type-post","3":"status-publish","4":"format-standard","6":"category-droga-przez-czakry","7":"czr-hentry"},"acf":[],"_links":{"self":[{"href":"https:\/\/epokaserca.pl\/warsztaty\/wp-json\/wp\/v2\/posts\/3201","targetHints":{"allow":["GET"]}}],"collection":[{"href":"https:\/\/epokaserca.pl\/warsztaty\/wp-json\/wp\/v2\/posts"}],"about":[{"href":"https:\/\/epokaserca.pl\/warsztaty\/wp-json\/wp\/v2\/types\/post"}],"author":[{"embeddable":true,"href":"https:\/\/epokaserca.pl\/warsztaty\/wp-json\/wp\/v2\/users\/2"}],"replies":[{"embeddable":true,"href":"https:\/\/epokaserca.pl\/warsztaty\/wp-json\/wp\/v2\/comments?post=3201"}],"version-history":[{"count":2,"href":"https:\/\/epokaserca.pl\/warsztaty\/wp-json\/wp\/v2\/posts\/3201\/revisions"}],"predecessor-version":[{"id":3205,"href":"https:\/\/epokaserca.pl\/warsztaty\/wp-json\/wp\/v2\/posts\/3201\/revisions\/3205"}],"wp:attachment":[{"href":"https:\/\/epokaserca.pl\/warsztaty\/wp-json\/wp\/v2\/media?parent=3201"}],"wp:term":[{"taxonomy":"category","embeddable":true,"href":"https:\/\/epokaserca.pl\/warsztaty\/wp-json\/wp\/v2\/categories?post=3201"},{"taxonomy":"post_tag","embeddable":true,"href":"https:\/\/epokaserca.pl\/warsztaty\/wp-json\/wp\/v2\/tags?post=3201"}],"curies":[{"name":"wp","href":"https:\/\/api.w.org\/{rel}","templated":true}]}}